{"id":3046,"date":"2023-05-22T09:06:11","date_gmt":"2023-05-22T09:06:11","guid":{"rendered":"https:\/\/grande-bastide-lauris.fr\/?p=3046"},"modified":"2023-09-02T07:49:59","modified_gmt":"2023-09-02T07:49:59","slug":"visiter-les-musees-du-luberon","status":"publish","type":"post","link":"https:\/\/grande-bastide-lauris.fr\/en\/visiter-les-musees-du-luberon\/","title":{"rendered":"Museum to visit in the Luberon"},"content":{"rendered":"<p class=\"has-ast-global-color-2-color has-ast-global-color-0-background-color has-text-color has-background has-link-color wp-elements-76ec482a466a013aadaedb230244a577\">Les Mus\u00e9es du Luberon: La r\u00e9gion du Luberon, dans le sud de la France, est r\u00e9put\u00e9e pour ses villages pittoresques, ses paysages pittoresques et sa culture dynamique. Au milieu de cette beaut\u00e9, se trouve un \u00e9ventail de mus\u00e9es qui mettent en valeur la riche histoire et l&#8217;art de la r\u00e9gion. Dans ce guide, nous allons jeter un \u0153il \u00e0 quelques-uns des mus\u00e9es du Luberon, offrant un aper\u00e7u complet du riche patrimoine culturel de la r\u00e9gion dans la quelle ce trouve <a href=\"https:\/\/grande-bastide-lauris.fr\/en\/\" target=\"_blank\" rel=\"noopener\" title=\"\">La Grande Bastide<\/a><\/p>\n\n\n\n<p class=\"has-ast-global-color-2-color has-ast-global-color-0-background-color has-text-color has-background has-link-color wp-elements-d5df8cdf99cd0b357350fc6977932d8f\"><a href=\"https:\/\/grande-bastide-lauris.fr\/en\/\" target=\"_blank\" rel=\"noopener\" title=\"\"> Lauris<\/a>.<\/p>\n\n\n\n<div style=\"height:38px\" aria-hidden=\"true\" class=\"wp-block-spacer\"><\/div>\n\n\n\n<h3 class=\"wp-block-heading has-ast-global-color-2-color has-ast-global-color-0-background-color has-text-color has-background has-link-color wp-elements-90621fc4ca458f9061a97c9929cbfc99\"><a href=\"https:\/\/www.vaucluse.fr\/culture-et-patrimoine\/les-musees-departementaux\/le-musee-d-histoire-jean-garcin-39-45-a-fontaine-de-vaucluse-865.html\" target=\"_blank\" rel=\"noopener\" title=\"\">The Resistance and Deportation Museum<\/a><\/h3>\n\n\n\n<p class=\"has-ast-global-color-2-color has-ast-global-color-0-background-color has-text-color has-background has-link-color wp-elements-7a09c00b6dae4da035502e80a62a21ea\"><a href=\"https:\/\/www.google.com\/maps\/dir\/La+Grande+Bastide,+740+Rte+de+Puyvert,+84360+Lauris\/Fontaine-de-Vaucluse,+84800\/@43.8363356,5.1002691,12z\/data=!3m1!4b1!4m14!4m13!1m5!1m1!1s0x12ca19484cb2a01d:0x79de6898a23b7fa0!2m2!1d5.3295563!2d43.750498!1m5!1m1!1s0x12ca0b92cb7c9c2b:0xef77db2451741629!2m2!1d5.126884!2d43.922443!3e0\" target=\"_blank\" rel=\"noopener\" title=\"\">Fontaine-de-Vaucluse<\/a><\/p>\n\n\n\n<p class=\"has-ast-global-color-2-color has-ast-global-color-0-background-color has-text-color has-background has-link-color wp-elements-b0f75117383bbb16d5db236d55480235\">Le Mus\u00e9e de la R\u00e9sistance et de la D\u00e9portation est une visite incontournable pour les passionn\u00e9s d&#8217;histoire et ceux qui s&#8217;int\u00e9ressent \u00e0 la Seconde Guerre mondiale. Situ\u00e9 dans la ville de Fontaine-de-Vaucluse, le mus\u00e9e raconte l&#8217;histoire des mouvements de r\u00e9sistance qui ont op\u00e9r\u00e9 dans la r\u00e9gion et leur r\u00f4le dans la lib\u00e9ration de la France. \u00c0 travers des expositions interactives, des photographies et des t\u00e9moignages personnels, les visiteurs peuvent approfondir leur compr\u00e9hension de ce moment crucial de l&#8217;histoire de France. <\/p>\n\n\n\n<p class=\"has-ast-global-color-2-color has-ast-global-color-1-background-color has-text-color has-background has-link-color wp-elements-45041c3ad4d66a9b1d9c4aa85fd29d4f\">Le mus\u00e9e met \u00e9galement en lumi\u00e8re les exp\u00e9riences d\u00e9chirantes des Juifs et des prisonniers politiques qui ont \u00e9t\u00e9 d\u00e9port\u00e9s de la r\u00e9gion, ce qui en fait une exp\u00e9rience puissante et poignante. Ce mus\u00e9e rappelle la bravoure et la r\u00e9silience de l&#8217;esprit humain, ce qui en fait une destination incontournable du Luberon.<\/p>\n\n\n\n<div style=\"height:38px\" aria-hidden=\"true\" class=\"wp-block-spacer\"><\/div>\n\n\n\n<h3 class=\"wp-block-heading has-ast-global-color-2-color has-ast-global-color-0-background-color has-text-color has-background has-link-color wp-elements-027ca81761d2268ce7a23f1f4269b097\"><a href=\"https:\/\/www.chateau-turcan.com\/musee\/\" target=\"_blank\" rel=\"noopener\" title=\"\">The Museum of Wine Making<\/a><\/h3>\n\n\n\n<p class=\"has-ast-global-color-2-color has-ast-global-color-0-background-color has-text-color has-background has-link-color wp-elements-f6154bf3bdbdce4b7e05b7477c59442c\"><a href=\"https:\/\/www.google.com\/maps\/dir\/La+Grande+Bastide,+740+Rte+de+Puyvert,+84360+Lauris\/Ansouis\/@43.7393434,5.3556126,13z\/data=!3m1!4b1!4m14!4m13!1m5!1m1!1s0x12ca19484cb2a01d:0x79de6898a23b7fa0!2m2!1d5.3295563!2d43.750498!1m5!1m1!1s0x12ca215770802fd1:0x40819a5fd8fc700!2m2!1d5.463834!2d43.73793!3e0\" target=\"_blank\" rel=\"noopener\" title=\"\">Ansouis<\/a><\/p>\n\n\n\n<p class=\"has-ast-global-color-2-color has-ast-global-color-0-background-color has-text-color has-background has-link-color wp-elements-999a3c58f470dc452dd723d901bd5659\">Le Mus\u00e9e des arts et des m\u00e9tiers du vin \u00e0 Ansouis est un mus\u00e9e remarquable situ\u00e9 dans le sud de la France. Le mus\u00e9e est une vitrine unique de la riche histoire et de la culture viticole de Provence. Les visiteurs peuvent explorer le monde fascinant de la vinification gr\u00e2ce \u00e0 une s\u00e9rie d&#8217;expositions interactives, de pr\u00e9sentations \u00e9ducatives et de pr\u00e9sentations multim\u00e9dias. Le mus\u00e9e poss\u00e8de une vaste collection d&#8217;anciens outils, artefacts et machines de vinification, r\u00e9v\u00e9lant l&#8217;\u00e9volution de la vinification au fil des si\u00e8cles.<\/p>\n\n\n\n<p class=\"has-ast-global-color-2-color has-ast-global-color-0-background-color has-text-color has-background has-link-color wp-elements-fb2e743f3186ea68037fff901c4face9\">L&#8217;un des points forts du Mus\u00e9e des arts et des m\u00e9tiers du vin est la salle de d\u00e9gustation de vins, o\u00f9 les visiteurs peuvent d\u00e9guster certains des meilleurs vins produits dans la r\u00e9gion tout en profitant de la vue panoramique imprenable sur les vignobles environnants. Le mus\u00e9e propose \u00e9galement une gamme de programmes \u00e9ducatifs et d&#8217;ateliers pour les amateurs et les professionnels du vin.<\/p>\n\n\n\n<p class=\"has-ast-global-color-2-color has-ast-global-color-0-background-color has-text-color has-background has-link-color wp-elements-b50b34743749b90afb9bfc275380947a\">Dans l&#8217;ensemble, le Mus\u00e9e des arts et des m\u00e9tiers du vin est une destination incontournable pour quiconque s&#8217;int\u00e9resse \u00e0 l&#8217;histoire, \u00e0 la culture et aux traditions de la viticulture en Provence. Avec ses expositions attrayantes et ses nombreuses possibilit\u00e9s de d\u00e9gustation de certains des meilleurs vins de la r\u00e9gion, assurez-vous d&#8217;ajouter ce mus\u00e9e \u00e0 votre itin\u00e9raire lorsque vous voyagez dans le sud de la France.<\/p>\n\n\n\n<div style=\"height:38px\" aria-hidden=\"true\" class=\"wp-block-spacer\"><\/div>\n\n\n\n<h3 class=\"wp-block-heading has-ast-global-color-2-color has-ast-global-color-0-background-color has-text-color has-background has-link-color wp-elements-d83e230f4994f670db4c91fde093cf1b\"><a href=\"https:\/\/museedutirebouchon.com\/\" target=\"_blank\" rel=\"noopener\" title=\"\">The M\u00e9n\u00e9rbe Corkscrew Museum<\/a><\/h3>\n\n\n\n<p class=\"has-ast-global-color-2-color has-ast-global-color-0-background-color has-text-color has-background has-link-color wp-elements-3ca60a274881e2738703d6fb7471b692\"><a href=\"https:\/\/www.google.com\/maps\/dir\/La+Grande+Bastide,+740+Rte+de+Puyvert,+84360+Lauris\/M%C3%A9nerbes\/@43.816359,5.1438189,12z\/data=!3m1!4b1!4m14!4m13!1m5!1m1!1s0x12ca19484cb2a01d:0x79de6898a23b7fa0!2m2!1d5.3295563!2d43.750498!1m5!1m1!1s0x12ca0ff41afab839:0x63a8abf373f7ef88!2m2!1d5.206745!2d43.832978!3e0\" target=\"_blank\" rel=\"noopener\" title=\"\">M\u00e9n\u00e9rbe<\/a><\/p>\n\n\n\n<p class=\"has-ast-global-color-2-color has-ast-global-color-0-background-color has-text-color has-background has-link-color wp-elements-d34832348f44e1cf7e5ac6771d67e3b6\">Le Mus\u00e9e du tire bouchon M\u00e9n\u00e9rbe, situ\u00e9 dans la petite ville de M\u00e9n\u00e9rbe dans le sud-est de la France, est un mus\u00e9e unique d\u00e9di\u00e9 aux tire-bouchons. Le mus\u00e9e pr\u00e9sente plus de 1 000 mod\u00e8les de tire-bouchons diff\u00e9rents du monde entier, allant du simple et fonctionnel \u00e0 l&#8217;orn\u00e9 et d\u00e9coratif.<\/p>\n\n\n\n<p class=\"has-ast-global-color-2-color has-ast-global-color-0-background-color has-text-color has-background has-link-color wp-elements-1ec3bc4cfd063b2f396e75055ee6e18d\">Les visiteurs du mus\u00e9e peuvent en apprendre davantage sur l&#8217;histoire et l&#8217;\u00e9volution des tire-bouchons et voir des exemples de certains des premiers mod\u00e8les. La collection comprend \u00e9galement des tire-bouchons rares et pr\u00e9cieux, tels que ceux en ivoire, en argent et en or.<\/p>\n\n\n\n<p class=\"has-ast-global-color-2-color has-ast-global-color-0-background-color has-text-color has-background has-link-color wp-elements-572bd5bde4d11c4e9b4d1bdaf7aa19b4\"><br>En plus de la collection, le mus\u00e9e propose des ateliers et animations autour de l&#8217;art du vin et de l&#8217;utilisation du tire-bouchon. Les visiteurs peuvent profiter de d\u00e9gustations de vins locaux et d\u00e9couvrir les bonnes techniques d&#8217;ouverture et de service du vin.<\/p>\n\n\n\n<p class=\"has-ast-global-color-2-color has-ast-global-color-0-background-color has-text-color has-background has-link-color wp-elements-dd874cae2aea7e318930532e7c5573da\">Dans l&#8217;ensemble, le Mus\u00e9e du tire bouchon M\u00e9n\u00e9rbe offre une exp\u00e9rience amusante et instructive pour les amateurs de vin et les collectionneurs. Sa collection unique et compl\u00e8te de tire-bouchons impressionnera \u00e0 coup s\u00fbr tous ceux qui s&#8217;int\u00e9ressent \u00e0 l&#8217;art et \u00e0 l&#8217;histoire du vin.<\/p>\n\n\n\n<div style=\"height:38px\" aria-hidden=\"true\" class=\"wp-block-spacer\"><\/div>\n\n\n\n<h3 class=\"wp-block-heading has-ast-global-color-2-color has-ast-global-color-0-background-color has-text-color has-background has-link-color wp-elements-b2938a748f5c522d16e1a631b5d1a94e\"><a href=\"https:\/\/www.facebook.com\/Museedelaboulangerie\/?locale=fr_FR\" target=\"_blank\" rel=\"noopener\" title=\"\">The Bread Museum <\/a><\/h3>\n\n\n\n<p class=\"has-ast-global-color-2-color has-ast-global-color-1-background-color has-text-color has-background has-link-color wp-elements-f6ea1766b1cf9408744ca83005a63112\"><a href=\"https:\/\/www.google.com\/maps\/dir\/La+Grande+Bastide,+740+Rte+de+Puyvert,+84360+Lauris\/Bonnieux\/@43.7898352,5.2951186,13z\/data=!3m1!4b1!4m14!4m13!1m5!1m1!1s0x12ca19484cb2a01d:0x79de6898a23b7fa0!2m2!1d5.3295563!2d43.750498!1m5!1m1!1s0x12ca10ab4dab9703:0x72cc570e0ced9e02!2m2!1d5.3126939!2d43.829119!3e0\" target=\"_blank\" rel=\"noopener\" title=\"\">Bonnieux<\/a><\/p>\n\n\n\n<p class=\"has-ast-global-color-2-color has-ast-global-color-0-background-color has-text-color has-background has-link-color wp-elements-b2d2449af222225c89930641d6bbd022\">Pour les gourmands, Le Mus\u00e9e de la Boulangerie \u00e0 Bonnieux est un charmant mus\u00e9e qui raconte l&#8217;histoire du pain, l&#8217;un des aliments les plus anciens et les plus importants au monde. Il est situ\u00e9 dans un charmant village du Luberon en Provence, en France, et occupe un ancien b\u00e2timent en pierre qui \u00e9tait autrefois une boulangerie.<\/p>\n\n\n\n<p class=\"has-ast-global-color-2-color has-ast-global-color-0-background-color has-text-color has-background has-link-color wp-elements-1dc1fff00d66a8c72f4a1c88b8d5223e\">Le mus\u00e9e offre aux visiteurs un aper\u00e7u fascinant de l&#8217;histoire et des traditions de la fabrication du pain, avec des expositions qui pr\u00e9sentent des outils et des techniques anciens ainsi que des innovations modernes. Des \u00e9crans interactifs permettent aux visiteurs de s&#8217;essayer au p\u00e9trissage et au fa\u00e7onnage de la p\u00e2te, tandis qu&#8217;une pr\u00e9sentation vid\u00e9o donne un aper\u00e7u du processus de fabrication du pain du d\u00e9but \u00e0 la fin.<\/p>\n\n\n\n<p class=\"has-ast-global-color-2-color has-ast-global-color-0-background-color has-text-color has-background has-link-color wp-elements-69a2c025b20b1559ae0fc84211bec6a5\"><br>L&#8217;un des points forts du mus\u00e9e est sa collection de timbres \u00e0 pain anciens, qui ont \u00e9t\u00e9 utilis\u00e9s \u00e0 travers l&#8217;histoire pour marquer le pain avec la signature du boulanger ou un embl\u00e8me unique. Une autre exposition remarquable pr\u00e9sente un \u00e9norme four en briques, qui \u00e9tait autrefois utilis\u00e9 pour cuire du pain pour la communaut\u00e9 environnante.<\/p>\n\n\n\n<p class=\"has-ast-global-color-2-color has-ast-global-color-0-background-color has-text-color has-background has-link-color wp-elements-eb242d19baa59695be2f6f4b67b35c23\">Dans l&#8217;ensemble, Le Mus\u00e9 de la Boulangerie est une destination incontournable pour tous ceux qui s&#8217;int\u00e9ressent \u00e0 la gastronomie, \u00e0 l&#8217;histoire ou \u00e0 la culture. Ses expositions attrayantes, son personnel comp\u00e9tent et son cadre magnifique en font une exp\u00e9rience agr\u00e9able et m\u00e9morable pour les visiteurs de tous \u00e2ges.<\/p>\n\n\n\n<div style=\"height:41px\" aria-hidden=\"true\" class=\"wp-block-spacer\"><\/div>\n\n\n\n<h3 class=\"wp-block-heading has-ast-global-color-2-color has-ast-global-color-0-background-color has-text-color has-background has-link-color wp-elements-23c53c44747a068b9d78cbd51b5979c2\"><a href=\"https:\/\/www.museedelalavande.com\/fr\/\" target=\"_blank\" rel=\"noopener\" title=\"Mus\u00e9e de la Lavande Luberon\">The Lavender Museum<\/a><\/h3>\n\n\n\n<p class=\"has-ast-global-color-2-color has-ast-global-color-0-background-color has-text-color has-background has-link-color wp-elements-f72e7dbce47a42a0e223b1e356956375\"><a href=\"https:\/\/www.google.com\/maps\/dir\/43.7532745,5.3207078\/le+musee+de+la+lavande+cabrieres+d'avignon\/@43.8161792,5.0861358,11z\/data=!3m1!4b1!4m9!4m8!1m1!4e1!1m5!1m1!1s0x12ca092eb594d2a5:0xd3388d3f3da377b8!2m2!1d5.146351!2d43.869934\" title=\"\">Cabri\u00e8res-d&#8217;Avignon<\/a><\/p>\n\n\n\n<p class=\"has-ast-global-color-2-color has-ast-global-color-0-background-color has-text-color has-background has-link-color wp-elements-d32f9233e8658a335ae41ca6753d1fb8\">Le Mus\u00e9e de la Lavande \u00e0 Cabri\u00e8res d&#8217;Avignon est un mus\u00e9e unique en son genre. Situ\u00e9 dans la r\u00e9gion du Lub\u00e9ron, ce mus\u00e9e se consacre \u00e0 l&#8217;histoire de la production et de la culture de la lavande. Il offre aux visiteurs une exp\u00e9rience immersive dans le monde de la lavande du XVIIIe si\u00e8cle \u00e0 nos jours.<\/p>\n\n\n\n<p class=\"has-ast-global-color-2-color has-ast-global-color-0-background-color has-text-color has-background has-link-color wp-elements-af9bc53ee5112c39778a7b21f110b9eb\"><br>The museum offers visitors a guided tour of its gardens and distilleries. You can discover the different varieties of lavender grown in the region, admire the countryside landscapes and learn more about the distillation of lavender.<\/p>\n\n\n\n<p class=\"has-ast-global-color-2-color has-ast-global-color-0-background-color has-text-color has-background has-link-color wp-elements-3b4f16d6b7c126479aaafc4610ea6618\">Une fois \u00e0 l&#8217;int\u00e9rieur, les visiteurs pourront explorer les expositions interactives du mus\u00e9e, qui d\u00e9taillent l&#8217;histoire de la lavande et son utilisation dans les produits de sant\u00e9 et de beaut\u00e9. Vous pourrez \u00e9galement d\u00e9couvrir les diff\u00e9rentes applications de la lavande dans la vie quotidienne, notamment en parfumerie, en aromath\u00e9rapie et en cuisine.<\/p>\n\n\n\n<p class=\"has-ast-global-color-2-color has-ast-global-color-0-background-color has-text-color has-background has-link-color wp-elements-4c759d83fda90e31119166e1e2c0b475\">Le Mus\u00e9e de la Lavande est une destination incontournable pour les amateurs de plantes, de culture fran\u00e7aise et de tourisme rural. Que vous pr\u00e9f\u00e9riez simplement vous promener dans les champs de lavande ou en apprendre davantage sur l&#8217;histoire de cette fleur embl\u00e9matique de la Provence, vous trouverez certainement quelque chose qui vous plaira \u00e0 Cabri\u00e8res d&#8217;Avignon.<\/p>\n\n\n\n<div style=\"height:38px\" aria-hidden=\"true\" class=\"wp-block-spacer\"><\/div>\n\n\n\n<h3 class=\"wp-block-heading has-ast-global-color-2-color has-ast-global-color-0-background-color has-text-color has-background has-link-color wp-elements-87cabdbcf64364efceb3da388930a02a\"><a href=\"https:\/\/www.savon-de-marseille.info\/le-musee\/\" target=\"_blank\" rel=\"noopener\" title=\"\">The Marseille Soap Museum<\/a><\/h3>\n\n\n\n<p class=\"has-ast-global-color-2-color has-ast-global-color-1-background-color has-text-color has-background has-link-color wp-elements-d876036929d380510608fc500851c52d\"><a href=\"https:\/\/www.google.com\/maps\/dir\/La+Grande+Bastide,+740+Rte+de+Puyvert,+84360+Lauris\/Mus%C3%A9e+du+savon+de+Marseille,+Avenue+Paul+Bourret,+Salon-de-Provence\/@43.6480729,5.0746506,12z\/data=!4m14!4m13!1m5!1m1!1s0x12ca19484cb2a01d:0x79de6898a23b7fa0!2m2!1d5.3295563!2d43.750498!1m5!1m1!1s0x12c9fe4d6fb66c47:0x5d2bcd12880be861!2m2!1d5.0903227!2d43.6377568!3e0\" target=\"_blank\" rel=\"noopener\" title=\"Salon de Provence\">Salon de Provence<\/a><\/p>\n\n\n\n<p class=\"has-ast-global-color-2-color has-ast-global-color-0-background-color has-text-color has-background has-link-color wp-elements-89f966df9419bf9dec33bd1e21d37168\">The Marseille Soap Museum is a unique and educational experience located in the charming town of Salon de Provence. This museum is dedicated to showcasing the rich history and traditions of soap making in the region. Visitors can discover the methods of making the famous Savon de Marseille, produced in the region since the 14th century.<\/p>\n\n\n\n<p class=\"has-ast-global-color-2-color has-ast-global-color-0-background-color has-text-color has-background has-link-color wp-elements-d60dffe01258470fc5bdac67be4de61a\">Le mus\u00e9e pr\u00e9sente une gamme d&#8217;expositions, notamment des \u00e9quipements de fabrication de savon anciens, des conceptions d&#8217;emballages historiques et des vid\u00e9os pr\u00e9sentant les diff\u00e9rentes \u00e9tapes de la production de savon. Les visiteurs peuvent \u00e9galement acheter une gamme de savons, parfums et autres produits de beaut\u00e9 fabriqu\u00e9s localement dans la boutique du mus\u00e9e.<\/p>\n\n\n\n<p class=\"has-ast-global-color-2-color has-ast-global-color-0-background-color has-text-color has-background has-link-color wp-elements-c82d671433483aa5321b0b437a58b8dc\">Le Mus\u00e9e du Savon de Marseille est une excellente destination pour les familles et tous ceux qui s&#8217;int\u00e9ressent \u00e0 la culture et \u00e0 l&#8217;histoire fran\u00e7aises. Le personnel amical du mus\u00e9e est tr\u00e8s comp\u00e9tent et se fera un plaisir de r\u00e9pondre \u00e0 toutes les questions que les visiteurs pourraient avoir. Ses expositions uniques et informatives sont attrayantes et pr\u00e9sent\u00e9es de mani\u00e8re attrayante, ce qui en fait une destination incontournable lors de l&#8217;exploration de la r\u00e9gion Provence.<\/p>\n\n\n\n<div style=\"height:38px\" aria-hidden=\"true\" class=\"wp-block-spacer\"><\/div>\n\n\n\n<h3 class=\"wp-block-heading has-ast-global-color-2-color has-ast-global-color-0-background-color has-text-color has-background has-link-color wp-elements-1ee7e0caa6c201930752bbf8e7983338\"><a href=\"https:\/\/luberon.fr\/tourisme\/sorties-en-luberon\/musees\/annu+musee-de-la-vannerie+1665.html\" target=\"_blank\" rel=\"noopener\" title=\"\">Le Mus\u00e9e de la Vannerie<\/a><\/h3>\n\n\n\n<p class=\"has-ast-global-color-2-color has-ast-global-color-0-background-color has-text-color has-background has-link-color wp-elements-e7e1e28c6e9054707c306bfdb0085ed2\"><a href=\"https:\/\/www.google.com\/maps\/dir\/La+Grande+Bastide,+740+Rte+de+Puyvert,+84360+Lauris\/Cadenet\/@43.7397954,5.3315417,14z\/data=!3m1!4b1!4m14!4m13!1m5!1m1!1s0x12ca19484cb2a01d:0x79de6898a23b7fa0!2m2!1d5.3295563!2d43.750498!1m5!1m1!1s0x12ca1f49fae648a3:0x3f37cf007a4a485f!2m2!1d5.373049!2d43.734629!3e0\" target=\"_blank\" rel=\"noopener\" title=\"\">Cadenet<\/a><\/p>\n\n\n\n<p class=\"has-ast-global-color-2-color has-ast-global-color-0-background-color has-text-color has-background has-link-color wp-elements-a02ac36d42db2b388beece7c5458baae\">Le Mus\u00e9e de la Vannerie Cadenet est un petit mus\u00e9e situ\u00e9 au c\u0153ur de la r\u00e9gion du Luberon \u00e0 Cadenet, en France. Le mus\u00e9e est d\u00e9di\u00e9 \u00e0 la pr\u00e9sentation de l&#8217;art traditionnel de la vannerie, qui fait partie int\u00e9grante de la culture locale depuis des si\u00e8cles. Les visiteurs peuvent explorer les diff\u00e9rentes techniques et outils utilis\u00e9s dans la vannerie \u00e0 travers la collection d&#8217;artefacts historiques et d&#8217;\u0153uvres contemporaines du mus\u00e9e. De plus, le mus\u00e9e propose des ateliers et des d\u00e9monstrations anim\u00e9s par des artisans qualifi\u00e9s o\u00f9 les visiteurs peuvent apprendre \u00e0 cr\u00e9er leurs propres paniers.<\/p>\n\n\n\n<p class=\"has-ast-global-color-2-color has-ast-global-color-0-background-color has-text-color has-background has-link-color wp-elements-3a3771842dbe8024d9e5ed3104db3447\">Le mus\u00e9e est situ\u00e9 dans un b\u00e2timent du XVIIe si\u00e8cle magnifiquement restaur\u00e9 et est organis\u00e9 par des experts locaux dans le domaine de la vannerie. Les expositions sont soigneusement am\u00e9nag\u00e9es et offrent aux visiteurs une exp\u00e9rience immersive dans le monde de la vannerie. Le mus\u00e9e est une destination parfaite pour ceux qui aiment l&#8217;histoire, l&#8217;art et l&#8217;artisanat. C&#8217;est une excellente occasion de d\u00e9couvrir une tradition s\u00e9culaire qui continue de prosp\u00e9rer dans la r\u00e9gion. Dans l&#8217;ensemble, le Mus\u00e9 de la Vannerie Cadenet est une visite incontournable pour quiconque s&#8217;int\u00e9resse \u00e0 la vannerie ou \u00e0 l&#8217;artisanat traditionnel en g\u00e9n\u00e9ral.<\/p>\n\n\n\n<figure class=\"wp-block-gallery has-nested-images columns-default is-cropped wp-block-gallery-1 is-layout-flex wp-block-gallery-is-layout-flex\">\n<figure class=\"wp-block-image size-large\"><img fetchpriority=\"high\" decoding=\"async\" width=\"450\" height=\"600\" data-id=\"3054\" src=\"https:\/\/grande-bastide-lauris.fr\/wp-content\/uploads\/2023\/05\/people-joy-smile-2295052-450x600.jpg\" alt=\"Mus\u00e9es du luberon, activit\u00e9 dans le luberon, culture dans le luberon, mus\u00e9e du vin,\" class=\"wp-image-3054\" srcset=\"https:\/\/grande-bastide-lauris.fr\/wp-content\/uploads\/2023\/05\/people-joy-smile-2295052-450x600.jpg 450w, https:\/\/grande-bastide-lauris.fr\/wp-content\/uploads\/2023\/05\/people-joy-smile-2295052-225x300.jpg 225w, https:\/\/grande-bastide-lauris.fr\/wp-content\/uploads\/2023\/05\/people-joy-smile-2295052-768x1024.jpg 768w, https:\/\/grande-bastide-lauris.fr\/wp-content\/uploads\/2023\/05\/people-joy-smile-2295052-9x12.jpg 9w, https:\/\/grande-bastide-lauris.fr\/wp-content\/uploads\/2023\/05\/people-joy-smile-2295052.jpg 960w\" sizes=\"(max-width: 450px) 100vw, 450px\" \/><\/figure>\n\n\n\n<figure class=\"wp-block-image size-large\"><img decoding=\"async\" width=\"600\" height=\"400\" data-id=\"3055\" src=\"https:\/\/grande-bastide-lauris.fr\/wp-content\/uploads\/2023\/05\/bread-wheat-flour-6486963-600x400.jpg\" alt=\"Mus\u00e9e de la boulangerie, le luberon, Mus\u00e9es du luberon\" class=\"wp-image-3055\" srcset=\"https:\/\/grande-bastide-lauris.fr\/wp-content\/uploads\/2023\/05\/bread-wheat-flour-6486963-600x400.jpg 600w, https:\/\/grande-bastide-lauris.fr\/wp-content\/uploads\/2023\/05\/bread-wheat-flour-6486963-300x200.jpg 300w, https:\/\/grande-bastide-lauris.fr\/wp-content\/uploads\/2023\/05\/bread-wheat-flour-6486963-768x512.jpg 768w, https:\/\/grande-bastide-lauris.fr\/wp-content\/uploads\/2023\/05\/bread-wheat-flour-6486963-18x12.jpg 18w, https:\/\/grande-bastide-lauris.fr\/wp-content\/uploads\/2023\/05\/bread-wheat-flour-6486963.jpg 1280w\" sizes=\"(max-width: 600px) 100vw, 600px\" \/><\/figure>\n\n\n\n<figure class=\"wp-block-image size-large\"><img decoding=\"async\" width=\"600\" height=\"400\" data-id=\"3053\" src=\"https:\/\/grande-bastide-lauris.fr\/wp-content\/uploads\/2023\/05\/wine-bottle-corks-wine-corks-780102-600x400.jpg\" alt=\"mus\u00e9e dans le luberon, mus\u00e9e du vin, vingnoble de provence, vin de provence, Mus\u00e9es du luberon\" class=\"wp-image-3053\" srcset=\"https:\/\/grande-bastide-lauris.fr\/wp-content\/uploads\/2023\/05\/wine-bottle-corks-wine-corks-780102-600x400.jpg 600w, https:\/\/grande-bastide-lauris.fr\/wp-content\/uploads\/2023\/05\/wine-bottle-corks-wine-corks-780102-300x200.jpg 300w, https:\/\/grande-bastide-lauris.fr\/wp-content\/uploads\/2023\/05\/wine-bottle-corks-wine-corks-780102-768x512.jpg 768w, https:\/\/grande-bastide-lauris.fr\/wp-content\/uploads\/2023\/05\/wine-bottle-corks-wine-corks-780102-18x12.jpg 18w, https:\/\/grande-bastide-lauris.fr\/wp-content\/uploads\/2023\/05\/wine-bottle-corks-wine-corks-780102.jpg 1280w\" sizes=\"(max-width: 600px) 100vw, 600px\" \/><\/figure>\n\n\n\n<figure class=\"wp-block-image size-large\"><img loading=\"lazy\" decoding=\"async\" width=\"600\" height=\"400\" data-id=\"3056\" src=\"https:\/\/grande-bastide-lauris.fr\/wp-content\/uploads\/2023\/05\/loaf-bread-loaf-of-bread-3471667-600x400.jpg\" alt=\"Mus\u00e9e de la boulangerie le luberon, Mus\u00e9es du luberon\" class=\"wp-image-3056\" srcset=\"https:\/\/grande-bastide-lauris.fr\/wp-content\/uploads\/2023\/05\/loaf-bread-loaf-of-bread-3471667-600x400.jpg 600w, https:\/\/grande-bastide-lauris.fr\/wp-content\/uploads\/2023\/05\/loaf-bread-loaf-of-bread-3471667-300x200.jpg 300w, https:\/\/grande-bastide-lauris.fr\/wp-content\/uploads\/2023\/05\/loaf-bread-loaf-of-bread-3471667-768x512.jpg 768w, https:\/\/grande-bastide-lauris.fr\/wp-content\/uploads\/2023\/05\/loaf-bread-loaf-of-bread-3471667-18x12.jpg 18w, https:\/\/grande-bastide-lauris.fr\/wp-content\/uploads\/2023\/05\/loaf-bread-loaf-of-bread-3471667.jpg 1280w\" sizes=\"(max-width: 600px) 100vw, 600px\" \/><\/figure>\n\n\n\n<figure class=\"wp-block-image size-large\"><img loading=\"lazy\" decoding=\"async\" width=\"600\" height=\"400\" data-id=\"3057\" src=\"https:\/\/grande-bastide-lauris.fr\/wp-content\/uploads\/2023\/05\/reed-basket-basket-weaving-3166698-600x400.jpg\" alt=\"Mus\u00e9e de la vannerie cadenet, le luberon, MUS\u00c9Es DU LUBERON\" class=\"wp-image-3057\" srcset=\"https:\/\/grande-bastide-lauris.fr\/wp-content\/uploads\/2023\/05\/reed-basket-basket-weaving-3166698-600x400.jpg 600w, https:\/\/grande-bastide-lauris.fr\/wp-content\/uploads\/2023\/05\/reed-basket-basket-weaving-3166698-300x200.jpg 300w, https:\/\/grande-bastide-lauris.fr\/wp-content\/uploads\/2023\/05\/reed-basket-basket-weaving-3166698-768x512.jpg 768w, https:\/\/grande-bastide-lauris.fr\/wp-content\/uploads\/2023\/05\/reed-basket-basket-weaving-3166698-18x12.jpg 18w, https:\/\/grande-bastide-lauris.fr\/wp-content\/uploads\/2023\/05\/reed-basket-basket-weaving-3166698.jpg 1280w\" sizes=\"(max-width: 600px) 100vw, 600px\" \/><\/figure>\n<\/figure>\n\n\n\n<p><\/p>","protected":false},"excerpt":{"rendered":"<p>Luberon Museums: The Luberon region in southern France is renowned for its quaint villages, scenic landscapes and vibrant culture. Amid this beauty are an array of museums that showcase the region's rich history and art. In this guide we will take a look at some of the museums in the Luberon, providing a comprehensive overview of the rich cultural heritage of the region in which La Grande Bastide de Lauris is located.<\/p>","protected":false},"author":1,"featured_media":3084,"comment_status":"open","ping_status":"open","sticky":false,"template":"","format":"standard","meta":{"_uag_custom_page_level_css":"","site-sidebar-layout":"default","site-content-layout":"","ast-site-content-layout":"default","site-content-style":"default","site-sidebar-style":"default","ast-global-header-display":"","ast-banner-title-visibility":"","ast-main-header-display":"","ast-hfb-above-header-display":"","ast-hfb-below-header-display":"","ast-hfb-mobile-header-display":"","site-post-title":"","ast-breadcrumbs-content":"","ast-featured-img":"","footer-sml-layout":"","ast-disable-related-posts":"","theme-transparent-header-meta":"","adv-header-id-meta":"","stick-header-meta":"","header-above-stick-meta":"","header-main-stick-meta":"","header-below-stick-meta":"","astra-migrate-meta-layouts":"set","ast-page-background-enabled":"default","ast-page-background-meta":{"desktop":{"background-color":"var(--ast-global-color-4)","background-image":"","background-repeat":"repeat","background-position":"center center","background-size":"auto","background-attachment":"scroll","background-type":"","background-media":"","overlay-type":"","overlay-color":"","overlay-opacity":"","overlay-gradient":""},"tablet":{"background-color":"","background-image":"","background-repeat":"repeat","background-position":"center center","background-size":"auto","background-attachment":"scroll","background-type":"","background-media":"","overlay-type":"","overlay-color":"","overlay-opacity":"","overlay-gradient":""},"mobile":{"background-color":"","background-image":"","background-repeat":"repeat","background-position":"center center","background-size":"auto","background-attachment":"scroll","background-type":"","background-media":"","overlay-type":"","overlay-color":"","overlay-opacity":"","overlay-gradient":""}},"ast-content-background-meta":{"desktop":{"background-color":"var(--ast-global-color-5)","background-image":"","background-repeat":"repeat","background-position":"center center","background-size":"auto","background-attachment":"scroll","background-type":"","background-media":"","overlay-type":"","overlay-color":"","overlay-opacity":"","overlay-gradient":""},"tablet":{"background-color":"var(--ast-global-color-5)","background-image":"","background-repeat":"repeat","background-position":"center center","background-size":"auto","background-attachment":"scroll","background-type":"","background-media":"","overlay-type":"","overlay-color":"","overlay-opacity":"","overlay-gradient":""},"mobile":{"background-color":"var(--ast-global-color-5)","background-image":"","background-repeat":"repeat","background-position":"center center","background-size":"auto","background-attachment":"scroll","background-type":"","background-media":"","overlay-type":"","overlay-color":"","overlay-opacity":"","overlay-gradient":""}},"footnotes":""},"categories":[20],"tags":[41,40,50,28],"class_list":["post-3046","post","type-post","status-publish","format-standard","has-post-thumbnail","hentry","category-demi-journee","tag-culture-du-luberon","tag-musees-du-luberon","tag-musees-pour-toute-la-famille","tag-provence"],"aioseo_notices":[],"uagb_featured_image_src":{"full":["https:\/\/grande-bastide-lauris.fr\/wp-content\/uploads\/2023\/05\/Musee-de-la-lavande-luberon.png",664,630,false],"thumbnail":["https:\/\/grande-bastide-lauris.fr\/wp-content\/uploads\/2023\/05\/Musee-de-la-lavande-luberon-150x150.png",150,150,true],"medium":["https:\/\/grande-bastide-lauris.fr\/wp-content\/uploads\/2023\/05\/Musee-de-la-lavande-luberon-300x285.png",300,285,true],"medium_large":["https:\/\/grande-bastide-lauris.fr\/wp-content\/uploads\/2023\/05\/Musee-de-la-lavande-luberon.png",664,630,false],"large":["https:\/\/grande-bastide-lauris.fr\/wp-content\/uploads\/2023\/05\/Musee-de-la-lavande-luberon-600x569.png",600,569,true],"1536x1536":["https:\/\/grande-bastide-lauris.fr\/wp-content\/uploads\/2023\/05\/Musee-de-la-lavande-luberon.png",664,630,false],"2048x2048":["https:\/\/grande-bastide-lauris.fr\/wp-content\/uploads\/2023\/05\/Musee-de-la-lavande-luberon.png",664,630,false],"trp-custom-language-flag":["https:\/\/grande-bastide-lauris.fr\/wp-content\/uploads\/2023\/05\/Musee-de-la-lavande-luberon-13x12.png",13,12,true]},"uagb_author_info":{"display_name":"Grande Bastide","author_link":"https:\/\/grande-bastide-lauris.fr\/en\/author\/grande-bastide-84\/"},"uagb_comment_info":0,"uagb_excerpt":"Les Mus\u00e9es du Luberon: La r\u00e9gion du Luberon, dans le sud de la France, est r\u00e9put\u00e9e pour ses villages pittoresques, ses paysages pittoresques et sa culture dynamique. Au milieu de cette beaut\u00e9, se trouve un \u00e9ventail de mus\u00e9es qui mettent en valeur la riche histoire et l'art de la r\u00e9gion. Dans ce guide, nous allons&hellip;","_links":{"self":[{"href":"https:\/\/grande-bastide-lauris.fr\/en\/wp-json\/wp\/v2\/posts\/3046","targetHints":{"allow":["GET"]}}],"collection":[{"href":"https:\/\/grande-bastide-lauris.fr\/en\/wp-json\/wp\/v2\/posts"}],"about":[{"href":"https:\/\/grande-bastide-lauris.fr\/en\/wp-json\/wp\/v2\/types\/post"}],"author":[{"embeddable":true,"href":"https:\/\/grande-bastide-lauris.fr\/en\/wp-json\/wp\/v2\/users\/1"}],"replies":[{"embeddable":true,"href":"https:\/\/grande-bastide-lauris.fr\/en\/wp-json\/wp\/v2\/comments?post=3046"}],"version-history":[{"count":16,"href":"https:\/\/grande-bastide-lauris.fr\/en\/wp-json\/wp\/v2\/posts\/3046\/revisions"}],"predecessor-version":[{"id":3731,"href":"https:\/\/grande-bastide-lauris.fr\/en\/wp-json\/wp\/v2\/posts\/3046\/revisions\/3731"}],"wp:featuredmedia":[{"embeddable":true,"href":"https:\/\/grande-bastide-lauris.fr\/en\/wp-json\/wp\/v2\/media\/3084"}],"wp:attachment":[{"href":"https:\/\/grande-bastide-lauris.fr\/en\/wp-json\/wp\/v2\/media?parent=3046"}],"wp:term":[{"taxonomy":"category","embeddable":true,"href":"https:\/\/grande-bastide-lauris.fr\/en\/wp-json\/wp\/v2\/categories?post=3046"},{"taxonomy":"post_tag","embeddable":true,"href":"https:\/\/grande-bastide-lauris.fr\/en\/wp-json\/wp\/v2\/tags?post=3046"}],"curies":[{"name":"wp","href":"https:\/\/api.w.org\/{rel}","templated":true}]}}