{"id":2428,"date":"2023-05-12T14:43:03","date_gmt":"2023-05-12T14:43:03","guid":{"rendered":"https:\/\/grande-bastide-lauris.fr\/?p=2428"},"modified":"2023-09-02T08:11:32","modified_gmt":"2023-09-02T08:11:32","slug":"road-trip-dans-le-luberon","status":"publish","type":"post","link":"https:\/\/grande-bastide-lauris.fr\/en\/road-trip-dans-le-luberon\/","title":{"rendered":"L&#8217;Ultime Road Trip Dans Le Luberon"},"content":{"rendered":"<h2 class=\"wp-block-heading has-black-color has-white-background-color has-text-color has-background\">Une excursion d&#8217;une journ\u00e9e inoubliable dans le Luberon\u00a0: La Grande Bastide Lauris, Le Colorado Proven\u00e7al, Roussillon, Gordes, L&#8217;Abbaye de S\u00e9nanque!<\/h2>\n\n\n\n<p class=\"has-black-color has-white-background-color has-text-color has-background has-link-color wp-elements-e44c17676a84dd358d6e36e709f97249\"><br>If you are looking for places to visit while staying at <a href=\"https:\/\/grande-bastide-lauris.fr\/en\/\" target=\"_blank\" rel=\"noopener\" title=\"\">Grande Bastide Lauris<\/a>don't look any further as we have created this itinerary just for you !<\/p>\n\n\n\n<p class=\"has-black-color has-white-background-color has-text-color has-background\"><br>J&#8217;esp\u00e8re donc que vous \u00eates pr\u00eat pour une excursion d&#8217;une journ\u00e9e \u00e0 la fois pittoresque et grandiose car \u00e0 partir de La Grande Bastide Lauris, vous pourrez d\u00e9couvrir certains des plus beaux paysages que le sud de la France a \u00e0 offrir !<\/p>\n\n\n\n<h2 class=\"wp-block-heading has-black-color has-white-background-color has-text-color has-background\"><a href=\"http:\/\/www.coloradoprovencal.fr\/\" target=\"_blank\" rel=\"noopener\" title=\"\">Le Colorado Proven\u00e7al<\/a> : (<a href=\"https:\/\/www.google.com\/maps\/dir\/La+Grande+Bastide,+740+Rte+de+Puyvert,+84360+Lauris\/Le+Colorado+Proven%C3%A7al,+Rustrel\/@43.8375906,5.3245344,12z\/data=!3m1!4b1!4m14!4m13!1m5!1m1!1s0x12ca19484cb2a01d:0x79de6898a23b7fa0!2m2!1d5.3295563!2d43.750498!1m5!1m1!1s0x12ca3984a3eb07a3:0xf9d8dbff4fb5c143!2m2!1d5.484504!2d43.924532!3e0\" target=\"_blank\" rel=\"noopener\" title=\"\">\u00e0 40 minutes en voiture de La Grande Bastide Lauris<\/a>) <\/h2>\n\n\n\n<p class=\"has-black-color has-white-background-color has-text-color has-background\">Commencez votre Road Trip en Provence en vous rendant au Colorado Proven\u00e7al qui est un pays des merveilles naturelles qui offre l&#8217;\u00e9vasion parfaite de nos vies tr\u00e9pidantes. Les paysages \u00e0 couper le souffle de cet endroit t\u00e9moignent de la beaut\u00e9 et de la puissance de la nature. Ses falaises, ses ravins et ses formations rocheuses orange, rouge et ocre, rendues par des si\u00e8cles d&#8217;\u00e9rosion g\u00e9ologique, se marient harmonieusement avec la v\u00e9g\u00e9tation luxuriante et le ciel bleu azur. <\/p>\n\n\n\n<p class=\"has-black-color has-white-background-color has-text-color has-background\">Il n&#8217;y a pas de meilleur moyen de renouer avec la nature que de parcourir ses sentiers et de se pr\u00e9lasser au soleil tout en s&#8217;impr\u00e9gnant des parfums de lavande sauvage, de romarin et de thym. Les couleurs de cet endroit sont tout simplement magiques, et rien ne se compare \u00e0 regarder le coucher de soleil sur Le Colorado Proven\u00e7al, peindre le ciel avec des nuances d&#8217;orange, de rose et de violet.<br>C&#8217;est une destination digne d&#8217;une liste de seaux que tout le monde devrait d\u00e9couvrir au moins une fois dans sa vie !<\/p>\n\n\n\n<h2 class=\"wp-block-heading has-black-color has-white-background-color has-text-color has-background has-link-color wp-elements-7209a960331cd7217fa6c1e14410ac2b\"><a href=\"https:\/\/www.luberon-apt.fr\/apt-et-les-villages\/roussillon\" target=\"_blank\" rel=\"noopener\" title=\"\">Roussillon<\/a> : (<a href=\"https:\/\/www.google.com\/maps\/dir\/Le+Colorado+Proven%C3%A7al,+Rustrel\/Roussillon\/@43.9135727,5.2999279,12z\/data=!3m1!4b1!4m14!4m13!1m5!1m1!1s0x12ca3984a3eb07a3:0xf9d8dbff4fb5c143!2m2!1d5.484504!2d43.924532!1m5!1m1!1s0x12ca115fb8943e3d:0x40819a5fd8fc0c0!2m2!1d5.292936!2d43.902293!3e0\" target=\"_blank\" rel=\"noopener\" title=\"\">\u00e0 25 minutes en voiture du Colorado Proven\u00e7al<\/a>)<\/h2>\n\n\n\n<p class=\"has-black-color has-white-background-color has-text-color has-background\"><br>Ensuite, dirigez-vous vers le charmant village m\u00e9di\u00e9val de Rousillon, o\u00f9 vous trouverez des b\u00e2timents peints de couleurs vives, des boutiques pittoresques et des vues magnifiques sur les collines environnantes. Promenez-vous dans les rues sinueuses et impr\u00e9gnez-vous de l&#8217;ambiance locale avant de manger un morceau dans l&#8217;un des nombreux restaurants d\u00e9licieux de la ville. Roussillon se vante de ses falaises d&#8217;ocre rouge, une attraction qui l&#8217;a mis sur la carte comme l&#8217;un des plus beaux villages de France. <\/p>\n\n\n\n<p class=\"has-black-color has-white-background-color has-text-color has-background\">La carri\u00e8re d&#8217;ocre, aujourd&#8217;hui abandonn\u00e9e, a \u00e9t\u00e9 transform\u00e9e en un site unique avec un \u00e9ventail de couleurs qui offrent une toile de fond \u00e9poustouflante pour ce clich\u00e9 Instagram parfait. Les rues pav\u00e9es du village m\u00e8nent \u00e0 de charmantes places parsem\u00e9es de caf\u00e9s chaleureux, de galeries d&#8217;art et de boutiques chics. La beaut\u00e9 du Roussillon captive tout le monde, des artistes en qu\u00eate d&#8217;inspiration aux touristes en qu\u00eate de d\u00e9tente et de d\u00e9tente.<br>Roussillon est une destination inspirante qui nous rappelle que la beaut\u00e9 se trouve jusque dans les choses les plus simples.<\/p>\n\n\n\n<h2 class=\"wp-block-heading has-black-color has-white-background-color has-text-color has-background\"><a href=\"https:\/\/www.avignon-et-provence.com\/en\/tourism-provence\/gordes\" target=\"_blank\" rel=\"noopener\" title=\"\">Gordes<\/a> : (<a href=\"https:\/\/www.google.com\/maps\/dir\/Roussillon\/Gordes\/@43.9024056,5.2023806,13z\/data=!3m1!4b1!4m14!4m13!1m5!1m1!1s0x12ca115fb8943e3d:0x40819a5fd8fc0c0!2m2!1d5.292936!2d43.902293!1m5!1m1!1s0x12ca0dc30dc4b6cd:0x6cf8370fce926027!2m2!1d5.200176!2d43.911315!3e0\" target=\"_blank\" rel=\"noopener\" title=\"\">15 minutes en voiture de Roussillon<\/a>)<\/h2>\n\n\n\n<p class=\"has-black-color has-white-background-color has-text-color has-background\">Ensuite, dirigez-vous vers le village perch\u00e9 de Gordes, avec ses impressionnantes ruines de ch\u00e2teau, ses points de vue panoramiques et ses jolies places de village. Promenez-vous dans les ruelles \u00e9troites de Gordes et vous d\u00e9couvrirez des boutiques artisanales, des galeries et des bistrots fran\u00e7ais traditionnels. Ne manquez pas le march\u00e9 hebdomadaire qui se tient le mardi matin, o\u00f9 vous trouverez des \u00e9tals regorgeant de produits locaux et de d\u00e9licieuses p\u00e2tisseries. <\/p>\n\n\n\n<p class=\"has-black-color has-white-background-color has-text-color has-background\">Pour les passionn\u00e9s d&#8217;histoire, Gordes abrite un ch\u00e2teau du XII\u00e8me si\u00e8cle, le Ch\u00e2teau de Gordes, transform\u00e9 en mus\u00e9e d\u00e9di\u00e9 au riche patrimoine de la r\u00e9gion. N&#8217;oubliez pas de visiter \u00e9galement le Village des Bories \u00e0 proximit\u00e9, un mus\u00e9e en plein air pr\u00e9sentant une collection de cabanes traditionnelles en pierres s\u00e8ches.<\/p>\n\n\n\n<h2 class=\"wp-block-heading has-black-color has-white-background-color has-text-color has-background has-link-color wp-elements-7a1528f5e46324b676641c86e53321b8\"><a href=\"https:\/\/www.senanque.fr\/\" target=\"_blank\" rel=\"noopener\" title=\"\">L&#8217;abbaye de S\u00e9nanque<\/a> : (<a href=\"https:\/\/www.google.com\/maps\/dir\/Gordes\/Abbaye+Notre-Dame+de+S%C3%A9nanque,+Gordes\/@43.9145982,5.1922963,16z\/data=!3m2!4b1!5s0x12ca0db3030f3119:0x16a711cccb12d8da!4m14!4m13!1m5!1m1!1s0x12ca0dc30dc4b6cd:0x6cf8370fce926027!2m2!1d5.200176!2d43.911315!1m5!1m1!1s0x12ca0db2e33c18bb:0x47ca1205ef3ceca0!2m2!1d5.1951907!2d43.9178905!3e0\" target=\"_blank\" rel=\"noopener\" title=\"\">\u00e0 3 minutes de Gordes<\/a>)<\/h2>\n\n\n\n<p class=\"has-black-color has-white-background-color has-text-color has-background\"><br>Ce monast\u00e8re cistercien enti\u00e8rement fonctionnel date du XIIe si\u00e8cle et abrite toujours une communaut\u00e9 de moines qui vivent selon la r\u00e8gle de Saint-Beno\u00eet.<a href=\"https:\/\/www.senanque.fr\/\" target=\"_blank\" rel=\"noopener\" title=\"\">L&#8217;abbaye de S\u00e9nanque<\/a> elle-m\u00eame est un superbe exemple d&#8217;architecture romane, avec son design simple mais \u00e9l\u00e9gant avec des arcs arrondis, des pierres complexes et de superbes rosaces. Les champs de lavande environnants qui fleurissent en \u00e9t\u00e9 ajoutent \u00e0 sa beaut\u00e9 et constituent l&#8217;opportunit\u00e9 de photo la plus parfaite pour votre Instagram !<\/p>\n\n\n\n<p class=\"has-black-color has-white-background-color has-text-color has-background\">Les visiteurs sont invit\u00e9s \u00e0 participer \u00e0 des visites guid\u00e9es, \u00e0 assister \u00e0 la messe et \u00e0 explorer les lieux. L&#8217;un des points forts de <a href=\"https:\/\/www.senanque.fr\/\" target=\"_blank\" rel=\"noopener\" title=\"\">L&#8217;abbaye de S\u00e9nanque<\/a> est la chance de voir les moines au travail fabriquer et vendre leur c\u00e9l\u00e8bre miel de lavande, un vrai go\u00fbt de la r\u00e9gion.<br>Aucune visite en Provence ne serait compl\u00e8te sans un arr\u00eat \u00e0 l&#8217;Abbaye de S\u00e9nanque. C&#8217;est un endroit paisible et inspirant qui offre un aper\u00e7u de la riche histoire et de la culture de la r\u00e9gion.<\/p>\n\n\n\n<p class=\"has-black-color has-white-background-color has-text-color has-background\"><br>Dans l&#8217;ensemble, cet itin\u00e9raire vous emm\u00e8nera \u00e0 travers certaines des plus belles r\u00e9gions de Provence, offrant une excursion d&#8217;une journ\u00e9e parfaite au d\u00e9part de La Grande Bastide de Lauris.<\/p>\n\n\n\n<p class=\"has-black-color has-white-background-color has-text-color has-background\"><br>Ne manquez pas l&#8217;occasion de d\u00e9couvrir la beaut\u00e9 naturelle \u00e9poustouflante et la riche culture de cette r\u00e9gion magique !<\/p>\n\n\n\n<div class=\"wp-block-columns is-layout-flex wp-container-core-columns-is-layout-28f84493 wp-block-columns-is-layout-flex\">\n<div class=\"wp-block-column is-layout-flow wp-block-column-is-layout-flow\" style=\"flex-basis:100%\">\n<figure class=\"wp-block-gallery has-nested-images columns-default is-cropped wp-block-gallery-1 is-layout-flex wp-block-gallery-is-layout-flex\">\n<figure class=\"wp-block-image size-large\"><img fetchpriority=\"high\" decoding=\"async\" width=\"600\" height=\"400\" data-id=\"2437\" src=\"https:\/\/grande-bastide-lauris.fr\/wp-content\/uploads\/2023\/05\/ocher-rocks-roussillon-ocher-trail-1595563-600x400.jpg\" alt=\"le luberon, ocher rocks, roussillon, ocher trail-1595563.jpg\" class=\"wp-image-2437\" srcset=\"https:\/\/grande-bastide-lauris.fr\/wp-content\/uploads\/2023\/05\/ocher-rocks-roussillon-ocher-trail-1595563-600x400.jpg 600w, https:\/\/grande-bastide-lauris.fr\/wp-content\/uploads\/2023\/05\/ocher-rocks-roussillon-ocher-trail-1595563-300x200.jpg 300w, https:\/\/grande-bastide-lauris.fr\/wp-content\/uploads\/2023\/05\/ocher-rocks-roussillon-ocher-trail-1595563-768x512.jpg 768w, https:\/\/grande-bastide-lauris.fr\/wp-content\/uploads\/2023\/05\/ocher-rocks-roussillon-ocher-trail-1595563-18x12.jpg 18w, https:\/\/grande-bastide-lauris.fr\/wp-content\/uploads\/2023\/05\/ocher-rocks-roussillon-ocher-trail-1595563.jpg 1280w\" sizes=\"(max-width: 600px) 100vw, 600px\" \/><\/figure>\n\n\n\n<figure class=\"wp-block-image size-large\"><img decoding=\"async\" width=\"600\" height=\"400\" data-id=\"2437\" src=\"https:\/\/grande-bastide-lauris.fr\/wp-content\/uploads\/2023\/05\/ocher-rocks-roussillon-ocher-trail-1595563-600x400.jpg\" alt=\"ocher rocks, roussillon, ocher trail-1595563.jpg\" class=\"wp-image-2437\" srcset=\"https:\/\/grande-bastide-lauris.fr\/wp-content\/uploads\/2023\/05\/ocher-rocks-roussillon-ocher-trail-1595563-600x400.jpg 600w, https:\/\/grande-bastide-lauris.fr\/wp-content\/uploads\/2023\/05\/ocher-rocks-roussillon-ocher-trail-1595563-300x200.jpg 300w, https:\/\/grande-bastide-lauris.fr\/wp-content\/uploads\/2023\/05\/ocher-rocks-roussillon-ocher-trail-1595563-768x512.jpg 768w, https:\/\/grande-bastide-lauris.fr\/wp-content\/uploads\/2023\/05\/ocher-rocks-roussillon-ocher-trail-1595563-18x12.jpg 18w, https:\/\/grande-bastide-lauris.fr\/wp-content\/uploads\/2023\/05\/ocher-rocks-roussillon-ocher-trail-1595563.jpg 1280w\" sizes=\"(max-width: 600px) 100vw, 600px\" \/><\/figure>\n\n\n\n<figure class=\"wp-block-image size-large is-style-default\"><img decoding=\"async\" width=\"600\" height=\"400\" data-id=\"2443\" src=\"https:\/\/grande-bastide-lauris.fr\/wp-content\/uploads\/2023\/05\/lavender-lavender-field-lavender-flowers-1595579-600x400.jpg\" alt=\"lavender, lavender field, lavender flowers-1595579.jpg\" class=\"wp-image-2443\" srcset=\"https:\/\/grande-bastide-lauris.fr\/wp-content\/uploads\/2023\/05\/lavender-lavender-field-lavender-flowers-1595579-600x400.jpg 600w, https:\/\/grande-bastide-lauris.fr\/wp-content\/uploads\/2023\/05\/lavender-lavender-field-lavender-flowers-1595579-300x200.jpg 300w, https:\/\/grande-bastide-lauris.fr\/wp-content\/uploads\/2023\/05\/lavender-lavender-field-lavender-flowers-1595579-768x512.jpg 768w, https:\/\/grande-bastide-lauris.fr\/wp-content\/uploads\/2023\/05\/lavender-lavender-field-lavender-flowers-1595579-18x12.jpg 18w, https:\/\/grande-bastide-lauris.fr\/wp-content\/uploads\/2023\/05\/lavender-lavender-field-lavender-flowers-1595579.jpg 1280w\" sizes=\"(max-width: 600px) 100vw, 600px\" \/><\/figure>\n\n\n\n<figure class=\"wp-block-image size-large\"><img loading=\"lazy\" decoding=\"async\" width=\"600\" height=\"450\" data-id=\"2439\" src=\"https:\/\/grande-bastide-lauris.fr\/wp-content\/uploads\/2023\/05\/roussillon-local-community-village-1521763-600x450.jpg\" alt=\"roussillon, local community, village-1521763.jpg\" class=\"wp-image-2439\" srcset=\"https:\/\/grande-bastide-lauris.fr\/wp-content\/uploads\/2023\/05\/roussillon-local-community-village-1521763-600x450.jpg 600w, https:\/\/grande-bastide-lauris.fr\/wp-content\/uploads\/2023\/05\/roussillon-local-community-village-1521763-300x225.jpg 300w, https:\/\/grande-bastide-lauris.fr\/wp-content\/uploads\/2023\/05\/roussillon-local-community-village-1521763-768x576.jpg 768w, https:\/\/grande-bastide-lauris.fr\/wp-content\/uploads\/2023\/05\/roussillon-local-community-village-1521763-16x12.jpg 16w, https:\/\/grande-bastide-lauris.fr\/wp-content\/uploads\/2023\/05\/roussillon-local-community-village-1521763.jpg 1280w\" sizes=\"(max-width: 600px) 100vw, 600px\" \/><\/figure>\n\n\n\n<figure class=\"wp-block-image size-large\"><img decoding=\"async\" data-id=\"2444\" src=\"https:\/\/grande-bastide-lauris.fr\/wp-content\/uploads\/2023\/05\/provence-lavender-lavender-fields-4357589-600x400.jpg\" alt=\"provence, lavender, lavender fields-4357589.jpg\" class=\"wp-image-2444\"\/><\/figure>\n\n\n\n<figure class=\"wp-block-image size-large\"><img loading=\"lazy\" decoding=\"async\" width=\"600\" height=\"400\" data-id=\"2438\" src=\"https:\/\/grande-bastide-lauris.fr\/wp-content\/uploads\/2023\/05\/roussillon-france-cityscape-2286849-600x400.jpg\" alt=\"roussillon, france, cityscape-2286849.jpg\" class=\"wp-image-2438\" srcset=\"https:\/\/grande-bastide-lauris.fr\/wp-content\/uploads\/2023\/05\/roussillon-france-cityscape-2286849-600x400.jpg 600w, https:\/\/grande-bastide-lauris.fr\/wp-content\/uploads\/2023\/05\/roussillon-france-cityscape-2286849-300x200.jpg 300w, https:\/\/grande-bastide-lauris.fr\/wp-content\/uploads\/2023\/05\/roussillon-france-cityscape-2286849-768x512.jpg 768w, https:\/\/grande-bastide-lauris.fr\/wp-content\/uploads\/2023\/05\/roussillon-france-cityscape-2286849-18x12.jpg 18w, https:\/\/grande-bastide-lauris.fr\/wp-content\/uploads\/2023\/05\/roussillon-france-cityscape-2286849.jpg 1280w\" sizes=\"(max-width: 600px) 100vw, 600px\" \/><\/figure>\n\n\n\n<figure class=\"wp-block-image size-large\"><img loading=\"lazy\" decoding=\"async\" width=\"600\" height=\"401\" data-id=\"2440\" src=\"https:\/\/grande-bastide-lauris.fr\/wp-content\/uploads\/2023\/05\/senanque-notre-dame-de-senanque-monastery-233144-600x401.jpg\" alt=\"s\u00e9nanque, notre dame de s\u00e9nanque, monastery-233144.jpg\" class=\"wp-image-2440\" srcset=\"https:\/\/grande-bastide-lauris.fr\/wp-content\/uploads\/2023\/05\/senanque-notre-dame-de-senanque-monastery-233144-600x401.jpg 600w, https:\/\/grande-bastide-lauris.fr\/wp-content\/uploads\/2023\/05\/senanque-notre-dame-de-senanque-monastery-233144-300x201.jpg 300w, https:\/\/grande-bastide-lauris.fr\/wp-content\/uploads\/2023\/05\/senanque-notre-dame-de-senanque-monastery-233144-768x514.jpg 768w, https:\/\/grande-bastide-lauris.fr\/wp-content\/uploads\/2023\/05\/senanque-notre-dame-de-senanque-monastery-233144-18x12.jpg 18w, https:\/\/grande-bastide-lauris.fr\/wp-content\/uploads\/2023\/05\/senanque-notre-dame-de-senanque-monastery-233144.jpg 1280w\" sizes=\"(max-width: 600px) 100vw, 600px\" \/><\/figure>\n\n\n\n<figure class=\"wp-block-image size-large\"><img loading=\"lazy\" decoding=\"async\" width=\"600\" height=\"450\" data-id=\"2441\" src=\"https:\/\/grande-bastide-lauris.fr\/wp-content\/uploads\/2023\/05\/gordes-church-medieval-977003-600x450.jpg\" alt=\"gordes, church, medieval-977003.jpg\" class=\"wp-image-2441\" srcset=\"https:\/\/grande-bastide-lauris.fr\/wp-content\/uploads\/2023\/05\/gordes-church-medieval-977003-600x450.jpg 600w, https:\/\/grande-bastide-lauris.fr\/wp-content\/uploads\/2023\/05\/gordes-church-medieval-977003-300x225.jpg 300w, https:\/\/grande-bastide-lauris.fr\/wp-content\/uploads\/2023\/05\/gordes-church-medieval-977003-768x576.jpg 768w, https:\/\/grande-bastide-lauris.fr\/wp-content\/uploads\/2023\/05\/gordes-church-medieval-977003-16x12.jpg 16w, https:\/\/grande-bastide-lauris.fr\/wp-content\/uploads\/2023\/05\/gordes-church-medieval-977003.jpg 1280w\" sizes=\"(max-width: 600px) 100vw, 600px\" \/><\/figure>\n<\/figure>\n<\/div>\n<\/div>","protected":false},"excerpt":{"rendered":"<p>If you're looking for things to do &amp; places to visit in Le Luberon while staying at La Grande Bastide de Lauris then look no further as we created this tailored itinerary just for you !<\/p>","protected":false},"author":1,"featured_media":2440,"comment_status":"open","ping_status":"open","sticky":false,"template":"","format":"standard","meta":{"_uag_custom_page_level_css":"","site-sidebar-layout":"default","site-content-layout":"boxed-container","ast-site-content-layout":"normal-width-container","site-content-style":"boxed","site-sidebar-style":"boxed","ast-global-header-display":"","ast-banner-title-visibility":"","ast-main-header-display":"","ast-hfb-above-header-display":"","ast-hfb-below-header-display":"","ast-hfb-mobile-header-display":"","site-post-title":"","ast-breadcrumbs-content":"","ast-featured-img":"","footer-sml-layout":"","ast-disable-related-posts":"","theme-transparent-header-meta":"","adv-header-id-meta":"","stick-header-meta":"","header-above-stick-meta":"","header-main-stick-meta":"","header-below-stick-meta":"","astra-migrate-meta-layouts":"set","ast-page-background-enabled":"default","ast-page-background-meta":{"desktop":{"background-color":"var(--ast-global-color-4)","background-image":"","background-repeat":"repeat","background-position":"center center","background-size":"auto","background-attachment":"scroll","background-type":"","background-media":"","overlay-type":"","overlay-color":"","overlay-opacity":"","overlay-gradient":""},"tablet":{"background-color":"","background-image":"","background-repeat":"repeat","background-position":"center center","background-size":"auto","background-attachment":"scroll","background-type":"","background-media":"","overlay-type":"","overlay-color":"","overlay-opacity":"","overlay-gradient":""},"mobile":{"background-color":"","background-image":"","background-repeat":"repeat","background-position":"center center","background-size":"auto","background-attachment":"scroll","background-type":"","background-media":"","overlay-type":"","overlay-color":"","overlay-opacity":"","overlay-gradient":""}},"ast-content-background-meta":{"desktop":{"background-color":"var(--ast-global-color-5)","background-image":"","background-repeat":"repeat","background-position":"center center","background-size":"auto","background-attachment":"scroll","background-type":"","background-media":"","overlay-type":"","overlay-color":"","overlay-opacity":"","overlay-gradient":""},"tablet":{"background-color":"var(--ast-global-color-5)","background-image":"","background-repeat":"repeat","background-position":"center center","background-size":"auto","background-attachment":"scroll","background-type":"","background-media":"","overlay-type":"","overlay-color":"","overlay-opacity":"","overlay-gradient":""},"mobile":{"background-color":"var(--ast-global-color-5)","background-image":"","background-repeat":"repeat","background-position":"center center","background-size":"auto","background-attachment":"scroll","background-type":"","background-media":"","overlay-type":"","overlay-color":"","overlay-opacity":"","overlay-gradient":""}},"footnotes":""},"categories":[19],"tags":[11,14,16,17,12,9,13,7,8,15,10],"class_list":["post-2428","post","type-post","status-publish","format-standard","has-post-thumbnail","hentry","category-journee-entiere","tag-gordes","tag-grande-bastide","tag-itinerary","tag-itinerary-provence","tag-labbay-de-senanque","tag-le-colorado-provencal","tag-le-grande-bastide-de-lauris","tag-le-luberon","tag-luberon-valley","tag-road-trip","tag-roussillon"],"aioseo_notices":[],"uagb_featured_image_src":{"full":["https:\/\/grande-bastide-lauris.fr\/wp-content\/uploads\/2023\/05\/senanque-notre-dame-de-senanque-monastery-233144.jpg",1280,856,false],"thumbnail":["https:\/\/grande-bastide-lauris.fr\/wp-content\/uploads\/2023\/05\/senanque-notre-dame-de-senanque-monastery-233144-150x150.jpg",150,150,true],"medium":["https:\/\/grande-bastide-lauris.fr\/wp-content\/uploads\/2023\/05\/senanque-notre-dame-de-senanque-monastery-233144-300x201.jpg",300,201,true],"medium_large":["https:\/\/grande-bastide-lauris.fr\/wp-content\/uploads\/2023\/05\/senanque-notre-dame-de-senanque-monastery-233144-768x514.jpg",768,514,true],"large":["https:\/\/grande-bastide-lauris.fr\/wp-content\/uploads\/2023\/05\/senanque-notre-dame-de-senanque-monastery-233144-600x401.jpg",600,401,true],"1536x1536":["https:\/\/grande-bastide-lauris.fr\/wp-content\/uploads\/2023\/05\/senanque-notre-dame-de-senanque-monastery-233144.jpg",1280,856,false],"2048x2048":["https:\/\/grande-bastide-lauris.fr\/wp-content\/uploads\/2023\/05\/senanque-notre-dame-de-senanque-monastery-233144.jpg",1280,856,false],"trp-custom-language-flag":["https:\/\/grande-bastide-lauris.fr\/wp-content\/uploads\/2023\/05\/senanque-notre-dame-de-senanque-monastery-233144-18x12.jpg",18,12,true]},"uagb_author_info":{"display_name":"Grande Bastide","author_link":"https:\/\/grande-bastide-lauris.fr\/en\/author\/grande-bastide-84\/"},"uagb_comment_info":0,"uagb_excerpt":"Si vous cherchez des choses \u00e0 faire et des endroits \u00e0 visiter dans le Luberon pendant votre s\u00e9jour \u00e0 La Grande Bastide de Lauris, ne cherchez pas plus loin car nous avons cr\u00e9\u00e9 cet itin\u00e9raire sur mesure rien que pour vous !","_links":{"self":[{"href":"https:\/\/grande-bastide-lauris.fr\/en\/wp-json\/wp\/v2\/posts\/2428","targetHints":{"allow":["GET"]}}],"collection":[{"href":"https:\/\/grande-bastide-lauris.fr\/en\/wp-json\/wp\/v2\/posts"}],"about":[{"href":"https:\/\/grande-bastide-lauris.fr\/en\/wp-json\/wp\/v2\/types\/post"}],"author":[{"embeddable":true,"href":"https:\/\/grande-bastide-lauris.fr\/en\/wp-json\/wp\/v2\/users\/1"}],"replies":[{"embeddable":true,"href":"https:\/\/grande-bastide-lauris.fr\/en\/wp-json\/wp\/v2\/comments?post=2428"}],"version-history":[{"count":31,"href":"https:\/\/grande-bastide-lauris.fr\/en\/wp-json\/wp\/v2\/posts\/2428\/revisions"}],"predecessor-version":[{"id":3747,"href":"https:\/\/grande-bastide-lauris.fr\/en\/wp-json\/wp\/v2\/posts\/2428\/revisions\/3747"}],"wp:featuredmedia":[{"embeddable":true,"href":"https:\/\/grande-bastide-lauris.fr\/en\/wp-json\/wp\/v2\/media\/2440"}],"wp:attachment":[{"href":"https:\/\/grande-bastide-lauris.fr\/en\/wp-json\/wp\/v2\/media?parent=2428"}],"wp:term":[{"taxonomy":"category","embeddable":true,"href":"https:\/\/grande-bastide-lauris.fr\/en\/wp-json\/wp\/v2\/categories?post=2428"},{"taxonomy":"post_tag","embeddable":true,"href":"https:\/\/grande-bastide-lauris.fr\/en\/wp-json\/wp\/v2\/tags?post=2428"}],"curies":[{"name":"wp","href":"https:\/\/api.w.org\/{rel}","templated":true}]}}